{"id":3714,"date":"2024-01-10T09:00:00","date_gmt":"2024-01-10T14:00:00","guid":{"rendered":"https:\/\/www.aclu-wy.org\/news\/conozca-sus-derechos-inmigrantes-en-wy\/"},"modified":"2024-01-10T09:00:00","modified_gmt":"2024-01-10T14:00:00","slug":"conozca-sus-derechos-inmigrantes-en-wy","status":"publish","type":"post","link":"https:\/\/www.aclu-wy.org\/es\/news\/conozca-sus-derechos-inmigrantes-en-wy\/","title":{"rendered":"El conocimiento es poder"},"content":{"rendered":"<p>No permita que sus derechos garantizados legal y constitucionalmente le sean negados. \u00a1Solicite una copia del paquete informativo gratuito de ACLU hoy!<br \/>\n<!--more--><\/p>\n<p class=\"alt\">\u00bfSabe qu\u00e9 hacer si ICE aparece en su puerta?<\/p>\n<p class=\"alt\">\u00bfSi la polic\u00eda lo detiene cuando viaja?<\/p>\n<p class=\"alt\">\u00bfSi le preguntan sobre su estado de ciudadan\u00eda en el trabajo?<\/p>\n<h2>Alentado por extremistas antiinmigrantes, y basado en gran medida en mitos sobre los efectos de la inmigraci\u00f3n en la seguridad y la econom\u00eda de la naci\u00f3n, un poderoso movimiento antiinmigrante ha estado buscando restringir los derechos de muchas personas que viven en los Estados Unidos.<\/h2>\n<h3>Pero las protecciones fundamentales del debido proceso y la protecci\u00f3n equitativa incorporadas en la Constituci\u00f3n y la Declaraci\u00f3n de Derechos de los Estados Unidos se aplican a todas las personas, independientemente de su estado migratorio.<\/h3>\n<p>Es por eso que la ACLU de Wyoming ha desarrollado materiales completos, en ingl\u00e9s y espa\u00f1ol, para asegurar que los inmigrantes en todo el estado conozcan sus derechos.<\/p>\n<p>Independientemente de su estatus migratorio, tiene derechos garantizados bajo la Constituci\u00f3n. Nuestras comunidades no deber\u00edan vivir con miedo por lo que no saben. El conocimiento es poder.<\/p>\n<h4>Solicite su paquete CONOZCA SUS DERECHOS hoy mismo enviando un correo electr\u00f3nico a conozcasusderechos@aclu.org.<\/h4>\n","protected":false},"excerpt":{"rendered":"<p>No permita que sus derechos garantizados legal y constitucionalmente le sean negados. \u00a1Solicite una copia del paquete informativo gratuito de ACLU hoy!<\/p>\n","protected":false},"author":0,"featured_media":0,"comment_status":"closed","ping_status":"closed","sticky":false,"template":"","format":"standard","meta":{"_acf_changed":false,"_relevanssi_hide_post":"","_relevanssi_hide_content":"","_relevanssi_pin_for_all":"","_relevanssi_pin_keywords":"","_relevanssi_unpin_keywords":"","_relevanssi_related_keywords":"","_relevanssi_related_include_ids":"","_relevanssi_related_exclude_ids":"","_relevanssi_related_no_append":"","_relevanssi_related_not_related":"","_relevanssi_related_posts":"","_relevanssi_noindex_reason":"","footnotes":""},"categories":[7,7],"tags":[],"class_list":["post-3714","post","type-post","status-publish","format-standard","hentry","category-sin-categorizar"],"acf":{"header_layout":"full-bleed","header_image":3709,"mobile_header_image":3709,"description":"Conozca sus derechos como inmigrante en\u00a0Wyoming","authors":[1976,1979],"components":[{"acf_fc_layout":"text","text":{"text":"\u00bfSabe qu\u00e9 hacer si ICE aparece en su puerta?\n\n\u00bfSi la polic\u00eda lo detiene cuando viaja?\n\n\u00bfSi le preguntan sobre su estado de ciudadan\u00eda en el trabajo?"}},{"acf_fc_layout":"heading","heading":{"":null,"text":"Alentado por extremistas antiinmigrantes, y basado en gran medida en mitos sobre los efectos de la inmigraci\u00f3n en la seguridad y la econom\u00eda de la naci\u00f3n, un poderoso movimiento antiinmigrante ha estado buscando restringir los derechos de muchas personas que viven en los Estados Unidos.","anchor":"","sub-heading":"","type":"h2","heading-style":"standard"}},{"acf_fc_layout":"heading","heading":{"":null,"text":"Pero las protecciones fundamentales del debido proceso y la protecci\u00f3n equitativa incorporadas en la Constituci\u00f3n y la Declaraci\u00f3n de Derechos de los Estados Unidos se aplican a todas las personas, independientemente de su estado migratorio.","anchor":"","sub-heading":"","type":"h3","heading-style":"standard"}},{"acf_fc_layout":"text","text":{"text":"Es por eso que la ACLU de Wyoming ha desarrollado materiales completos, en ingl\u00e9s y espa\u00f1ol, para asegurar que los inmigrantes en todo el estado conozcan sus derechos.\n\nIndependientemente de su estatus migratorio, tiene derechos garantizados bajo la Constituci\u00f3n. Nuestras comunidades no deber\u00edan vivir con miedo por lo que no saben. El conocimiento es poder."}},{"acf_fc_layout":"heading","heading":{"":null,"text":"Solicite su paquete CONOZCA SUS DERECHOS hoy mismo enviando un correo electr\u00f3nico a conozcasusderechos@aclu.org.","anchor":"","sub-heading":"","type":"h4","heading-style":"standard"}}],"issues":[2310,2311,2318,2315,2300,2321,2294],"related_content":[2598],"documents":null},"yoast_head":"<!-- This site is optimized with the Yoast SEO plugin v24.9 - https:\/\/yoast.com\/wordpress\/plugins\/seo\/ -->\n<title>El conocimiento es poder - ACLU of Wyoming<\/title>\n<meta name=\"robots\" content=\"index, follow, max-snippet:-1, max-image-preview:large, max-video-preview:-1\" \/>\n<link rel=\"canonical\" href=\"https:\/\/www.aclu-wy.org\/es\/news\/conozca-sus-derechos-inmigrantes-en-wy\/\" \/>\n<meta property=\"og:locale\" content=\"es_ES\" \/>\n<meta property=\"og:type\" content=\"article\" \/>\n<meta property=\"og:title\" content=\"El conocimiento es poder - ACLU of Wyoming\" \/>\n<meta property=\"og:description\" content=\"No permita que sus derechos garantizados legal y constitucionalmente le sean negados. \u00a1Solicite una copia del paquete informativo gratuito de ACLU hoy!\" \/>\n<meta property=\"og:url\" content=\"https:\/\/www.aclu-wy.org\/es\/news\/conozca-sus-derechos-inmigrantes-en-wy\/\" \/>\n<meta property=\"og:site_name\" content=\"ACLU of Wyoming\" \/>\n<meta property=\"article:published_time\" content=\"2024-01-10T14:00:00+00:00\" \/>\n<meta property=\"og:image\" content=\"https:\/\/www.aclu-wy.org\/app\/themes\/aclu-parent\/img\/default_fb_share.jpg\" \/>\n<meta name=\"twitter:card\" content=\"summary_large_image\" \/>\n<script type=\"application\/ld+json\" class=\"yoast-schema-graph\">{\"@context\":\"https:\/\/schema.org\",\"@graph\":[{\"@type\":\"WebPage\",\"@id\":\"https:\/\/www.aclu-wy.org\/es\/news\/conozca-sus-derechos-inmigrantes-en-wy\/\",\"url\":\"https:\/\/www.aclu-wy.org\/es\/news\/conozca-sus-derechos-inmigrantes-en-wy\/\",\"name\":\"El conocimiento es poder - ACLU of Wyoming\",\"isPartOf\":{\"@id\":\"https:\/\/www.aclu-wy.org\/#website\"},\"datePublished\":\"2024-01-10T14:00:00+00:00\",\"inLanguage\":\"es-ES\",\"potentialAction\":[{\"@type\":\"ReadAction\",\"target\":[\"https:\/\/www.aclu-wy.org\/es\/news\/conozca-sus-derechos-inmigrantes-en-wy\/\"]}]},{\"@type\":\"WebSite\",\"@id\":\"https:\/\/www.aclu-wy.org\/#website\",\"url\":\"https:\/\/www.aclu-wy.org\/\",\"name\":\"ACLU of Wyoming\",\"description\":\"\",\"publisher\":{\"@id\":\"https:\/\/www.aclu-wy.org\/#organization\"},\"potentialAction\":[{\"@type\":\"SearchAction\",\"target\":{\"@type\":\"EntryPoint\",\"urlTemplate\":\"https:\/\/www.aclu-wy.org\/?s={search_term_string}\"},\"query-input\":{\"@type\":\"PropertyValueSpecification\",\"valueRequired\":true,\"valueName\":\"search_term_string\"}}],\"inLanguage\":\"es-ES\"},{\"@type\":\"Organization\",\"@id\":\"https:\/\/www.aclu-wy.org\/#organization\",\"name\":\"ACLU of Wyoming\",\"url\":\"https:\/\/www.aclu-wy.org\/\",\"logo\":{\"@type\":\"ImageObject\",\"inLanguage\":\"es-ES\",\"@id\":\"https:\/\/www.aclu-wy.org\/#\/schema\/logo\/image\/\",\"url\":\"https:\/\/www.aclu-wy.org\/app\/uploads\/2025\/09\/Wyoming_Color-Logo_RGB.png\",\"contentUrl\":\"https:\/\/www.aclu-wy.org\/app\/uploads\/2025\/09\/Wyoming_Color-Logo_RGB.png\",\"width\":1500,\"height\":1500,\"caption\":\"ACLU of Wyoming\"},\"image\":{\"@id\":\"https:\/\/www.aclu-wy.org\/#\/schema\/logo\/image\/\"}}]}<\/script>\n<!-- \/ Yoast SEO plugin. -->","yoast_head_json":{"title":"El conocimiento es poder - ACLU of Wyoming","robots":{"index":"index","follow":"follow","max-snippet":"max-snippet:-1","max-image-preview":"max-image-preview:large","max-video-preview":"max-video-preview:-1"},"canonical":"https:\/\/www.aclu-wy.org\/es\/news\/conozca-sus-derechos-inmigrantes-en-wy\/","og_locale":"es_ES","og_type":"article","og_title":"El conocimiento es poder - ACLU of Wyoming","og_description":"No permita que sus derechos garantizados legal y constitucionalmente le sean negados. \u00a1Solicite una copia del paquete informativo gratuito de ACLU hoy!","og_url":"https:\/\/www.aclu-wy.org\/es\/news\/conozca-sus-derechos-inmigrantes-en-wy\/","og_site_name":"ACLU of Wyoming","article_published_time":"2024-01-10T14:00:00+00:00","og_image":[{"url":"https:\/\/www.aclu-wy.org\/app\/themes\/aclu-parent\/img\/default_fb_share.jpg","type":"","width":"","height":""}],"twitter_card":"summary_large_image","schema":{"@context":"https:\/\/schema.org","@graph":[{"@type":"WebPage","@id":"https:\/\/www.aclu-wy.org\/es\/news\/conozca-sus-derechos-inmigrantes-en-wy\/","url":"https:\/\/www.aclu-wy.org\/es\/news\/conozca-sus-derechos-inmigrantes-en-wy\/","name":"El conocimiento es poder - ACLU of Wyoming","isPartOf":{"@id":"https:\/\/www.aclu-wy.org\/#website"},"datePublished":"2024-01-10T14:00:00+00:00","inLanguage":"es-ES","potentialAction":[{"@type":"ReadAction","target":["https:\/\/www.aclu-wy.org\/es\/news\/conozca-sus-derechos-inmigrantes-en-wy\/"]}]},{"@type":"WebSite","@id":"https:\/\/www.aclu-wy.org\/#website","url":"https:\/\/www.aclu-wy.org\/","name":"ACLU of Wyoming","description":"","publisher":{"@id":"https:\/\/www.aclu-wy.org\/#organization"},"potentialAction":[{"@type":"SearchAction","target":{"@type":"EntryPoint","urlTemplate":"https:\/\/www.aclu-wy.org\/?s={search_term_string}"},"query-input":{"@type":"PropertyValueSpecification","valueRequired":true,"valueName":"search_term_string"}}],"inLanguage":"es-ES"},{"@type":"Organization","@id":"https:\/\/www.aclu-wy.org\/#organization","name":"ACLU of Wyoming","url":"https:\/\/www.aclu-wy.org\/","logo":{"@type":"ImageObject","inLanguage":"es-ES","@id":"https:\/\/www.aclu-wy.org\/#\/schema\/logo\/image\/","url":"https:\/\/www.aclu-wy.org\/app\/uploads\/2025\/09\/Wyoming_Color-Logo_RGB.png","contentUrl":"https:\/\/www.aclu-wy.org\/app\/uploads\/2025\/09\/Wyoming_Color-Logo_RGB.png","width":1500,"height":1500,"caption":"ACLU of Wyoming"},"image":{"@id":"https:\/\/www.aclu-wy.org\/#\/schema\/logo\/image\/"}}]}},"distributor_meta":false,"distributor_terms":false,"distributor_media":false,"distributor_original_site_name":"ACLU of Wyoming","distributor_original_site_url":"https:\/\/www.aclu-wy.org\/es\/","push-errors":false,"_links":{"self":[{"href":"https:\/\/www.aclu-wy.org\/es\/wp-json\/wp\/v2\/posts\/3714","targetHints":{"allow":["GET"]}}],"collection":[{"href":"https:\/\/www.aclu-wy.org\/es\/wp-json\/wp\/v2\/posts"}],"about":[{"href":"https:\/\/www.aclu-wy.org\/es\/wp-json\/wp\/v2\/types\/post"}],"replies":[{"embeddable":true,"href":"https:\/\/www.aclu-wy.org\/es\/wp-json\/wp\/v2\/comments?post=3714"}],"version-history":[{"count":0,"href":"https:\/\/www.aclu-wy.org\/es\/wp-json\/wp\/v2\/posts\/3714\/revisions"}],"acf:post":[{"embeddable":true,"href":"https:\/\/www.aclu-wy.org\/es\/wp-json\/wp\/v2\/pages\/2598"},{"embeddable":true,"href":"https:\/\/www.aclu-wy.org\/es\/wp-json\/wp\/v2\/issue\/2294"},{"embeddable":true,"href":"https:\/\/www.aclu-wy.org\/es\/wp-json\/wp\/v2\/issue\/2321"},{"embeddable":true,"href":"https:\/\/www.aclu-wy.org\/es\/wp-json\/wp\/v2\/issue\/2300"},{"embeddable":true,"href":"https:\/\/www.aclu-wy.org\/es\/wp-json\/wp\/v2\/issue\/2315"},{"embeddable":true,"href":"https:\/\/www.aclu-wy.org\/es\/wp-json\/wp\/v2\/issue\/2318"},{"embeddable":true,"href":"https:\/\/www.aclu-wy.org\/es\/wp-json\/wp\/v2\/issue\/2311"},{"embeddable":true,"href":"https:\/\/www.aclu-wy.org\/es\/wp-json\/wp\/v2\/issue\/2310"},{"embeddable":true,"href":"https:\/\/www.aclu-wy.org\/es\/wp-json\/wp\/v2\/bios\/1979"},{"embeddable":true,"href":"https:\/\/www.aclu-wy.org\/es\/wp-json\/wp\/v2\/bios\/1976"}],"wp:attachment":[{"href":"https:\/\/www.aclu-wy.org\/es\/wp-json\/wp\/v2\/media?parent=3714"}],"wp:term":[{"taxonomy":"category","embeddable":true,"href":"https:\/\/www.aclu-wy.org\/es\/wp-json\/wp\/v2\/categories?post=3714"},{"taxonomy":"post_tag","embeddable":true,"href":"https:\/\/www.aclu-wy.org\/es\/wp-json\/wp\/v2\/tags?post=3714"}],"curies":[{"name":"wp","href":"https:\/\/api.w.org\/{rel}","templated":true}]}}